{"id":643,"date":"2019-08-07T22:09:57","date_gmt":"2019-08-07T20:09:57","guid":{"rendered":"http:\/\/rowerowedobro.pl\/?p=643"},"modified":"2019-08-08T21:07:22","modified_gmt":"2019-08-08T19:07:22","slug":"dzien-8-z-nozem-na-misia","status":"publish","type":"post","link":"https:\/\/zelki.rowerowedobro.pl\/?p=643","title":{"rendered":"Dzie\u0144 9 Z no\u017cem na misia !!!"},"content":{"rendered":"\t\t<div data-elementor-type=\"wp-post\" data-elementor-id=\"643\" class=\"elementor elementor-643\">\n\t\t\t\t\t\t<div class=\"elementor-inner\">\n\t\t\t\t<div class=\"elementor-section-wrap\">\n\t\t\t\t\t\t\t\t\t<section class=\"elementor-section elementor-top-section elementor-element elementor-element-81d74ea elementor-section-boxed elementor-section-height-default elementor-section-height-default\" data-id=\"81d74ea\" data-element_type=\"section\">\n\t\t\t\t\t\t<div class=\"elementor-container elementor-column-gap-default\">\n\t\t\t\t\t\t\t<div class=\"elementor-row\">\n\t\t\t\t\t<div class=\"elementor-column elementor-col-100 elementor-top-column elementor-element elementor-element-43c4890\" data-id=\"43c4890\" data-element_type=\"column\">\n\t\t\t<div class=\"elementor-column-wrap elementor-element-populated\">\n\t\t\t\t\t\t\t<div class=\"elementor-widget-wrap\">\n\t\t\t\t\t\t<div class=\"elementor-element elementor-element-e849a21 elementor-widget elementor-widget-text-editor\" data-id=\"e849a21\" data-element_type=\"widget\" data-widget_type=\"text-editor.default\">\n\t\t\t\t<div class=\"elementor-widget-container\">\n\t\t\t\t\t\t\t\t<div class=\"elementor-text-editor elementor-clearfix\">\n\t\t\t\t<p>Rymnik &#8211; Plavni <br \/>Dystans: 166 km<\/p><p>Nie wiem co pisa\u0107.. dotar\u0142em w \u0142adne miejsce, kt\u00f3re nawet nie wiem jak si\u0119 nazywa. Patrzy\u0142em na zach\u00f3d s\u0142o\u0144ca, p\u00f3\u017aniej na pojawiaj\u0105ce si\u0119 w oddali \u015bwiat\u0142a miast. S\u0142ysz\u0119 rozbijaj\u0105ce si\u0119 o brzeg fale, cykaj\u0105ce swierszcze i wiatr uderzaj\u0105cy w namiot. I czekam na wsch\u00f3d s\u0142o\u0144ca by dalej zachwyca\u0107 si\u0119 pi\u0119knem Ukrainy.<\/p><p>Rumunia jest pi\u0119kna, zw\u0142aszcza Karpaty. Dzikie i surowe. Wydaje si\u0119, \u017ce jest nam bliska, bo przecie\u017c te\u017c jest w Unii Europejskiej. Ale powiem wam, \u017ce gdy znowu zobaczy\u0142em nazwy miejscowo\u015bci z literkami, kt\u00f3rych jeszcze nie wszystkie potrafi\u0119 rozszyfrowa\u0107 to poczu\u0142em si\u0119 jako\u015b swojsko. Mo\u017ce po prostu blisko\u015b\u0107 po\u0142o\u017cenia mojego Hrubieszowa to sprawia, \u017ce po prostu Ukraina jest bardziej moja ni\u017c Rumunia?<\/p><p>Dzi\u015b dzie\u0144 kryzysu. Mo\u017cemy go nazwa\u0107 &#8220;aqua-kryzysem&#8221;. Dwa razy zabrak\u0142o mi wody. Za pierwszym razem (jeszcze w Rumunii) min\u0105\u0142em stacj\u0119 benzynow\u0105 (jako\u015b z g\u00f3rki by\u0142o i nie chcia\u0142o mi si\u0119 hamowa\u0107), by do\u015bwiadczy\u0107, \u017ce kolejna by\u0142a za 15 km. A po drodze nIc. I za drugim &#8211; ju\u017c na Ukrainie, gdy okaza\u0142o si\u0119, \u017ce jedyna stacja by\u0142a zamkni\u0119ta a kolejny jakikolwiek sklep, dom by\u0142 za 40 km. I tu by\u0142o ju\u017c grubo. W cieniu przyjemne +33 stopnie, co na s\u0142o\u0144cu daje jakie\u015b ile\u015b tam wi\u0119cej (<span class=\"_47e3 _5mfr\" title=\"Emotikon tongue\"><img decoding=\"async\" loading=\"lazy\" class=\"img\" role=\"presentation\" src=\"https:\/\/static.xx.fbcdn.net\/images\/emoji.php\/v9\/t9f\/1\/16\/1f61b.png\" alt=\"\" width=\"16\" height=\"16\" \/><span class=\"_7oe\" aria-hidden=\"true\">:p<\/span><\/span>) w po\u0142\u0105czeniu z brakiem wody potrafi\u0105 zawirowa\u0107 w g\u0142owie. Dobrze, \u017ce nektarynki mia\u0142em, to jako\u015b prze\u017cy\u0142em. Postanowienie z dzi\u015b &#8211; pami\u0119ta\u0107 o wodzie!<\/p><p>O Mo\u0142dawii nie m\u00f3wi\u0119 bo by\u0142em tam 3 kilometry. Ciekawa rzecz, \u017ce najpierw przekroczylem granic\u0119 rumu\u0144sko-mo\u0142dawsk\u0105 a za chwil\u0119 mo\u0142dawsko-ukrai\u0144sk\u0105. Cho\u0107 s\u0142owo chwila jest tu nadu\u017cyciem &#8211; z p\u00f3\u0142torej godziny zesz\u0142o. O ile pierwsza nie sprawi\u0142a wi\u0119kszych problem\u00f3w, to druga ju\u017c tak. Sam posterunek graniczny by\u0142 ciekawy. Musi tam panowa\u0107 dobra atmosfera skoro jask\u00f3\u0142ki uwi\u0142y sobie gniazdo. I nie ba zewn\u0105trz ale tu\u017c obok obrazu Matki Bo\u017cej zawieszonego na \u015bcianie. A atmosfera jest lu\u017ana. Panowie pogranicznicy s\u0105 bardzo ciekawi \u015bwiata a w szczeg\u00f3lno\u015bci zawarto\u015bci mojego baga\u017cu. Przetrzepali go jakbym mia\u0142 co najmniej 20 kg haszyszu przemyca\u0107. Nawet mi\u015bka chcieli kroi\u0107 (i widz\u0119 tu szefa sztabu m\u00f3wi\u0105cego swoje HA\u0143BA IM!). Dali spok\u00f3j gdy powiedzia\u0142em, \u017ce to prezent od c\u00f3rki (i teraz to si\u0119 dopiero zaczn\u0105 plotki w Hrubieszowie!). Misio uratowany a ja staj\u0119 w kolejce do spowiedzi.<\/p><p>Do Odessy ok 300 km. Dwa dni. Z tym, \u017ce postanowi\u0142em si\u0119 nie spieszy\u0107. Odbi\u0142em lekko na p\u00f3\u0142noc a co b\u0119dzie dalej &#8211; wiatr poka\u017ce:)<\/p><p>A swierszcze coraz glosniejsze &#8211; chyba to takie ich DOBRANOC. Wi\u0119c i ja si\u0119 do\u0142\u0105czam m\u00f3wi\u0105c wam &#8211; DOBREJ NOCY DOBRZY LUDZIE:)<\/p>\t\t\t\t\t<\/div>\n\t\t\t\t\t\t<\/div>\n\t\t\t\t<\/div>\n\t\t\t\t\t\t<\/div>\n\t\t\t\t\t<\/div>\n\t\t<\/div>\n\t\t\t\t\t\t\t\t<\/div>\n\t\t\t\t\t<\/div>\n\t\t<\/section>\n\t\t\t\t<section class=\"elementor-section elementor-top-section elementor-element elementor-element-fbaf237 elementor-section-boxed elementor-section-height-default elementor-section-height-default\" data-id=\"fbaf237\" data-element_type=\"section\">\n\t\t\t\t\t\t<div class=\"elementor-container elementor-column-gap-default\">\n\t\t\t\t\t\t\t<div class=\"elementor-row\">\n\t\t\t\t\t<div class=\"elementor-column elementor-col-100 elementor-top-column elementor-element elementor-element-3a77bb5\" data-id=\"3a77bb5\" data-element_type=\"column\">\n\t\t\t<div class=\"elementor-column-wrap\">\n\t\t\t\t\t\t\t<div class=\"elementor-widget-wrap\">\n\t\t\t\t\t\t\t\t<\/div>\n\t\t\t\t\t<\/div>\n\t\t<\/div>\n\t\t\t\t\t\t\t\t<\/div>\n\t\t\t\t\t<\/div>\n\t\t<\/section>\n\t\t\t\t<section class=\"elementor-section elementor-top-section elementor-element elementor-element-2045617 elementor-section-boxed elementor-section-height-default elementor-section-height-default\" data-id=\"2045617\" data-element_type=\"section\">\n\t\t\t\t\t\t<div class=\"elementor-container elementor-column-gap-default\">\n\t\t\t\t\t\t\t<div class=\"elementor-row\">\n\t\t\t\t\t<div class=\"elementor-column elementor-col-100 elementor-top-column elementor-element elementor-element-2c2b9dd\" data-id=\"2c2b9dd\" data-element_type=\"column\">\n\t\t\t<div class=\"elementor-column-wrap elementor-element-populated\">\n\t\t\t\t\t\t\t<div class=\"elementor-widget-wrap\">\n\t\t\t\t\t\t<div class=\"elementor-element elementor-element-c8485da elementor-widget elementor-widget-image-gallery\" data-id=\"c8485da\" data-element_type=\"widget\" data-widget_type=\"image-gallery.default\">\n\t\t\t\t<div class=\"elementor-widget-container\">\n\t\t\t\t\t<div class=\"elementor-image-gallery\">\n\t\t\t<div class=\"et_pb_slider et_pb_slider_fullwidth_off et_pb_gallery_post_type\">\r\n\t\t\t\t<div class=\"et_pb_slides\">\r\n\t\t\t\t\t<div class=\"et_pb_slide\" style=\"background: url(https:\/\/zelki.rowerowedobro.pl\/wp-content\/uploads\/2019\/08\/67938300_2235798306547798_9103371080101265408_o.jpg);\"><\/div><div class=\"et_pb_slide\" style=\"background: url(https:\/\/zelki.rowerowedobro.pl\/wp-content\/uploads\/2019\/08\/68537847_2235798389881123_5224907958457991168_n.jpg);\"><\/div><div class=\"et_pb_slide\" style=\"background: url(https:\/\/zelki.rowerowedobro.pl\/wp-content\/uploads\/2019\/08\/67616581_2235798503214445_8201385689758040064_o.jpg);\"><\/div><div class=\"et_pb_slide\" style=\"background: url(https:\/\/zelki.rowerowedobro.pl\/wp-content\/uploads\/2019\/08\/67724617_2235798599881102_3455387737517981696_o.jpg);\"><\/div><div class=\"et_pb_slide\" style=\"background: url(https:\/\/zelki.rowerowedobro.pl\/wp-content\/uploads\/2019\/08\/67829177_2235798703214425_2672154357503361024_o.jpg);\"><\/div><div class=\"et_pb_slide\" style=\"background: url(https:\/\/zelki.rowerowedobro.pl\/wp-content\/uploads\/2019\/08\/68748294_2235798826547746_7214049051451326464_o.jpg);\"><\/div><div class=\"et_pb_slide\" style=\"background: url(https:\/\/zelki.rowerowedobro.pl\/wp-content\/uploads\/2019\/08\/67812977_2235798919881070_1120310870195306496_o.jpg);\"><\/div><div class=\"et_pb_slide\" style=\"background: url(https:\/\/zelki.rowerowedobro.pl\/wp-content\/uploads\/2019\/08\/68780360_2235799049881057_6137413394451398656_o.jpg);\"><\/div><div class=\"et_pb_slide\" style=\"background: url(https:\/\/zelki.rowerowedobro.pl\/wp-content\/uploads\/2019\/08\/67619791_2235799146547714_6076720412727705600_o.jpg);\"><\/div><div class=\"et_pb_slide\" style=\"background: url(https:\/\/zelki.rowerowedobro.pl\/wp-content\/uploads\/2019\/08\/67668045_2235799213214374_2494922300105687040_o.jpg);\"><\/div><div class=\"et_pb_slide\" style=\"background: url(https:\/\/zelki.rowerowedobro.pl\/wp-content\/uploads\/2019\/08\/67677138_2235799286547700_2026842655220039680_o.jpg);\"><\/div><div class=\"et_pb_slide\" style=\"background: url(https:\/\/zelki.rowerowedobro.pl\/wp-content\/uploads\/2019\/08\/68757187_2235799379881024_5793375609119834112_o.jpg);\"><\/div><div class=\"et_pb_slide\" style=\"background: url(https:\/\/zelki.rowerowedobro.pl\/wp-content\/uploads\/2019\/08\/67753129_2235799503214345_76505389155221504_o.jpg);\"><\/div><div class=\"et_pb_slide\" style=\"background: url(https:\/\/zelki.rowerowedobro.pl\/wp-content\/uploads\/2019\/08\/67731040_2235799686547660_7094177626616496128_o.jpg);\"><\/div><div class=\"et_pb_slide\" style=\"background: url(https:\/\/zelki.rowerowedobro.pl\/wp-content\/uploads\/2019\/08\/68940897_2235799783214317_6801147079050657792_o.jpg);\"><\/div><div class=\"et_pb_slide\" style=\"background: url(https:\/\/zelki.rowerowedobro.pl\/wp-content\/uploads\/2019\/08\/68747776_2235799866547642_3796338549465284608_o.jpg);\"><\/div><div class=\"et_pb_slide\" style=\"background: url(https:\/\/zelki.rowerowedobro.pl\/wp-content\/uploads\/2019\/08\/67565714_2235799946547634_6389147324660056064_o.jpg);\"><\/div><div class=\"et_pb_slide\" style=\"background: url(https:\/\/zelki.rowerowedobro.pl\/wp-content\/uploads\/2019\/08\/67593370_2235800036547625_6955624352469483520_o.jpg);\"><\/div><div class=\"et_pb_slide\" style=\"background: url(https:\/\/zelki.rowerowedobro.pl\/wp-content\/uploads\/2019\/08\/64272306_2235800113214284_4997703110462799872_n.jpg);\"><\/div><div class=\"et_pb_slide\" style=\"background: url(https:\/\/zelki.rowerowedobro.pl\/wp-content\/uploads\/2019\/08\/67648707_2235800173214278_2635383845402181632_n.jpg);\"><\/div><div class=\"et_pb_slide\" style=\"background: url(https:\/\/zelki.rowerowedobro.pl\/wp-content\/uploads\/2019\/08\/68244930_2235800253214270_765661041014079488_o.jpg);\"><\/div><div class=\"et_pb_slide\" style=\"background: url(https:\/\/zelki.rowerowedobro.pl\/wp-content\/uploads\/2019\/08\/68723790_2232406750220287_1237320103054278656_n.jpg);\"><\/div>\r\n\t\t\t\t<\/div>\r\n\t\t\t<\/div>\t\t<\/div>\n\t\t\t\t<\/div>\n\t\t\t\t<\/div>\n\t\t\t\t\t\t<\/div>\n\t\t\t\t\t<\/div>\n\t\t<\/div>\n\t\t\t\t\t\t\t\t<\/div>\n\t\t\t\t\t<\/div>\n\t\t<\/section>\n\t\t\t\t\t\t\t\t\t<\/div>\n\t\t\t<\/div>\n\t\t\t\t\t<\/div>\n\t\t","protected":false},"excerpt":{"rendered":"<p>Rymnik &#8211; Plavni Dystans: 166 km Nie wiem co pisa\u0107.. dotar\u0142em w \u0142adne miejsce, kt\u00f3re nawet nie wiem jak si\u0119 nazywa. Patrzy\u0142em na zach\u00f3d s\u0142o\u0144ca, p\u00f3\u017aniej na pojawiaj\u0105ce si\u0119 w oddali \u015bwiat\u0142a miast. S\u0142ysz\u0119 rozbijaj\u0105ce si\u0119 o brzeg fale, cykaj\u0105ce swierszcze i wiatr uderzaj\u0105cy w namiot. I czekam na wsch\u00f3d s\u0142o\u0144ca by dalej zachwyca\u0107 si\u0119 [&hellip;]<\/p>\n","protected":false},"author":1,"featured_media":662,"comment_status":"open","ping_status":"open","sticky":false,"template":"","format":"standard","meta":[],"categories":[1],"tags":[],"_links":{"self":[{"href":"https:\/\/zelki.rowerowedobro.pl\/index.php?rest_route=\/wp\/v2\/posts\/643"}],"collection":[{"href":"https:\/\/zelki.rowerowedobro.pl\/index.php?rest_route=\/wp\/v2\/posts"}],"about":[{"href":"https:\/\/zelki.rowerowedobro.pl\/index.php?rest_route=\/wp\/v2\/types\/post"}],"author":[{"embeddable":true,"href":"https:\/\/zelki.rowerowedobro.pl\/index.php?rest_route=\/wp\/v2\/users\/1"}],"replies":[{"embeddable":true,"href":"https:\/\/zelki.rowerowedobro.pl\/index.php?rest_route=%2Fwp%2Fv2%2Fcomments&post=643"}],"version-history":[{"count":5,"href":"https:\/\/zelki.rowerowedobro.pl\/index.php?rest_route=\/wp\/v2\/posts\/643\/revisions"}],"predecessor-version":[{"id":707,"href":"https:\/\/zelki.rowerowedobro.pl\/index.php?rest_route=\/wp\/v2\/posts\/643\/revisions\/707"}],"wp:featuredmedia":[{"embeddable":true,"href":"https:\/\/zelki.rowerowedobro.pl\/index.php?rest_route=\/wp\/v2\/media\/662"}],"wp:attachment":[{"href":"https:\/\/zelki.rowerowedobro.pl\/index.php?rest_route=%2Fwp%2Fv2%2Fmedia&parent=643"}],"wp:term":[{"taxonomy":"category","embeddable":true,"href":"https:\/\/zelki.rowerowedobro.pl\/index.php?rest_route=%2Fwp%2Fv2%2Fcategories&post=643"},{"taxonomy":"post_tag","embeddable":true,"href":"https:\/\/zelki.rowerowedobro.pl\/index.php?rest_route=%2Fwp%2Fv2%2Ftags&post=643"}],"curies":[{"name":"wp","href":"https:\/\/api.w.org\/{rel}","templated":true}]}}